{"id":1571,"date":"2026-04-09T08:25:43","date_gmt":"2026-04-09T08:25:43","guid":{"rendered":"https:\/\/silvia-bucher.ch\/?p=1571"},"modified":"2026-04-09T08:32:52","modified_gmt":"2026-04-09T08:32:52","slug":"zimoun-ausstellung-und-begleitprogramm","status":"publish","type":"post","link":"https:\/\/silvia-bucher.ch\/index.php\/2026\/04\/09\/zimoun-ausstellung-und-begleitprogramm\/","title":{"rendered":"ZIMOUN &#8211; Ausstellung und Begleitprogramm"},"content":{"rendered":"\n<figure class=\"wp-block-image size-large\"><img fetchpriority=\"high\" decoding=\"async\" width=\"1024\" height=\"717\" src=\"https:\/\/silvia-bucher.ch\/wp-content\/uploads\/2026\/04\/Flyer-Ortsmuseum-KKS-bis-Sommer-26-1-1024x717.jpg\" alt=\"\" class=\"wp-image-1572\" srcset=\"https:\/\/silvia-bucher.ch\/wp-content\/uploads\/2026\/04\/Flyer-Ortsmuseum-KKS-bis-Sommer-26-1-1024x717.jpg 1024w, https:\/\/silvia-bucher.ch\/wp-content\/uploads\/2026\/04\/Flyer-Ortsmuseum-KKS-bis-Sommer-26-1-300x210.jpg 300w, https:\/\/silvia-bucher.ch\/wp-content\/uploads\/2026\/04\/Flyer-Ortsmuseum-KKS-bis-Sommer-26-1-768x537.jpg 768w, https:\/\/silvia-bucher.ch\/wp-content\/uploads\/2026\/04\/Flyer-Ortsmuseum-KKS-bis-Sommer-26-1-1536x1075.jpg 1536w, https:\/\/silvia-bucher.ch\/wp-content\/uploads\/2026\/04\/Flyer-Ortsmuseum-KKS-bis-Sommer-26-1-2048x1433.jpg 2048w\" sizes=\"(max-width: 1024px) 100vw, 1024px\" \/><\/figure>\n\n\n\n<div style=\"height:55px\" aria-hidden=\"true\" class=\"wp-block-spacer\"><\/div>\n\n\n\n<p>Zum ersten Mal ist ein zeitgen\u00f6ssischer K\u00fcnstler im Ortsmuseum R\u00fcschlikon zu Gast. Der Schweizer Installationsund Klangk\u00fcnstler Zimoun bespielt drei R\u00e4ume und er\u00f6ffnet neue Perspektiven auf Geschichte und Gegenwart in unserem Weinbauernhaus aus dem 17. Jahrhundert. Ein vielf\u00e4ltiges Begleitprogramm sowie ein Mitmach-Atelier f\u00fcr Gross und Klein laden zum Entdecken ein. Die Dauerausstellung bietet zudem aktuelle Einblicke in die Geschichte der Gemeinde.<\/p>\n\n\n\n<div style=\"height:55px\" aria-hidden=\"true\" class=\"wp-block-spacer\"><\/div>\n\n\n\n<div style=\"background: #e0cebe; padding: 16px;\">\n  <h3>Veranstaltungen<\/h3>\n  <ul>\n    <li>\n      <strong>11.04.2026 von 14 \u2013 17 Uhr<\/strong><br>\n      Vernissage. Der K\u00fcnstler ist anwesend.\n    <\/li>\n    <li>\n      <strong>19.04.2026 um 7.45 Uhr<\/strong><br>\n      Ornithologischer Spaziergang mit dem Natur-\/Vogelschutzverein Thalwil im Chopfholz\n    <\/li>\n    <li>\n      <strong>06.05.2026 um 19.30 Uhr<\/strong><br>\n      Klangmeditation mit Kinesiologin Silvia Bucher\n    <\/li>\n    <li>\n      <strong>09.05.2026 von 14 \u2013 16 Uhr<\/strong><br>\n      Beatbox-Workshop mit Miguel Camero\n    <\/li>\n    <li>\n      <strong>03.06.2026 um 19.30 Uhr<\/strong><br>\n      Klangmeditation mit Kinesiologin Silvia Bucher\n    <\/li>\n    <li>\n      <strong>06.06.2026 um 14 Uhr<\/strong><br>\n      Gemeinderatswein: F\u00fchrung (D\/E) mit unserem Winzer Jonas Schmid inkl. Ap\u00e9ro\n    <\/li>\n    <li>\n      <strong>11.06.2026 um 18.30 Uhr<\/strong><br>\n      Klingendes Museum mit der Musikschule Kilchberg-R\u00fcschlikon\n    <\/li>\n    <li>\n      <strong>13.06.2026 von 14.30 \u2013 16 Uhr<\/strong><br>\n      Workshop: Jodeln (Unesco 2026) mit Johanna Schaub\n    <\/li>\n    <li>\n      <strong>20.06.2026 von 14.30 \u2013 16 Uhr<\/strong><br>\n      Workshop: Theremin &#8211; Das Instrument ohne Ber\u00fchrung mit Regev Dahan\n    <\/li>\n    <li>\n      <strong>01.07.2026 um 19.30 Uhr<\/strong><br>\n      Klangmeditation mit Silvia Bucher\n    <\/li>\n  <\/ul>\n<\/div>\n\n\n\n<div style=\"height:55px\" aria-hidden=\"true\" class=\"wp-block-spacer\"><\/div>\n\n\n\n<div style=\"background:#f3f3f3; padding:16px;\">\n  <h3 style=\"margin:0; color:#8a7163; font-size:42px; line-height:0.95; font-weight:700;\">\n    Vernissage\n  <\/h3>\n\n  <div style=\"color:#8a7163; font-size:32px; line-height:1.1; font-weight:700; margin-top:6px;\">\n    Samstag, 11. April 2026<br>\n    14 \u2013 17 Uhr\n  <\/div>\n\n  <p style=\"margin:48px 0 44px; font-size:24px; line-height:1.35; color:#222;\">\n    Wir freuen uns auf Ihren Besuch.\n  <\/p>\n\n  <div style=\"background:#ae998d; color:#fff; padding:26px 22px; font-size:18px; line-height:1.35;\">\n    Zimoun arbeitet mit einfachen industriellen Materialien wie Karton, Motoren, Draht oder Holz. \n    Durch Bewegung und Wiederholung entstehen immersive Klanginstallationen, die Rhythmus, Zufall \n    und die poetische Qualit\u00e4t mechanischer Prozesse erfahrbar machen. Seine Arbeiten werden \n    international ausgestellt und z\u00e4hlen zu markanten Positionen der zeitgen\u00f6ssischen Installationskunst.\n  <\/div>\n<\/div>\n\n\n\n<div style=\"height:55px\" aria-hidden=\"true\" class=\"wp-block-spacer\"><\/div>\n\n\n\n<p><strong>\u00d6ffnungszeiten<\/strong><br>Samstag von 14 \u2013 17 Uhr<\/p>\n\n\n\n<p><strong>Daten bis zur Sommerpause:<br><\/strong>11.\/18. April, 9.\/16.\/23.\/30. Mai,<br>6.\/13.\/20.\/27. Juni, 4.\/11. Juli 2026<\/p>\n\n\n\n<p><strong>Ortsmuseum R\u00fcschlikon<br><\/strong>Nidelbadstrasse 58<br>8803 R\u00fcschlikon<\/p>\n\n\n\n<div style=\"height:55px\" aria-hidden=\"true\" class=\"wp-block-spacer\"><\/div>\n","protected":false},"excerpt":{"rendered":"<p>Zum ersten Mal ist ein zeitgen\u00f6ssischer K\u00fcnstler im Ortsmuseum R\u00fcschlikon zu Gast. Der Schweizer Installationsund Klangk\u00fcnstler Zimoun bespielt<br \/>\ndrei R\u00e4ume und er\u00f6ffnet neue Perspektiven auf Geschichte und Gegenwart in unserem Weinbauernhaus aus dem 17. Jahrhundert.<br \/>\nEin vielf\u00e4ltiges Begleitprogramm sowie ein Mitmach-Atelier f\u00fcr Gross und Klein laden zum Entdecken ein. Die Dauerausstellung bietet zudem aktuelle Einblicke in die Geschichte der Gemeinde.<\/p>\n","protected":false},"author":3,"featured_media":1572,"comment_status":"closed","ping_status":"closed","sticky":false,"template":"","format":"standard","meta":{"footnotes":""},"categories":[10,7],"tags":[],"class_list":["post-1571","post","type-post","status-publish","format-standard","has-post-thumbnail","hentry","category-featured-post","category-news"],"_links":{"self":[{"href":"https:\/\/silvia-bucher.ch\/index.php\/wp-json\/wp\/v2\/posts\/1571","targetHints":{"allow":["GET"]}}],"collection":[{"href":"https:\/\/silvia-bucher.ch\/index.php\/wp-json\/wp\/v2\/posts"}],"about":[{"href":"https:\/\/silvia-bucher.ch\/index.php\/wp-json\/wp\/v2\/types\/post"}],"author":[{"embeddable":true,"href":"https:\/\/silvia-bucher.ch\/index.php\/wp-json\/wp\/v2\/users\/3"}],"replies":[{"embeddable":true,"href":"https:\/\/silvia-bucher.ch\/index.php\/wp-json\/wp\/v2\/comments?post=1571"}],"version-history":[{"count":9,"href":"https:\/\/silvia-bucher.ch\/index.php\/wp-json\/wp\/v2\/posts\/1571\/revisions"}],"predecessor-version":[{"id":1582,"href":"https:\/\/silvia-bucher.ch\/index.php\/wp-json\/wp\/v2\/posts\/1571\/revisions\/1582"}],"wp:featuredmedia":[{"embeddable":true,"href":"https:\/\/silvia-bucher.ch\/index.php\/wp-json\/wp\/v2\/media\/1572"}],"wp:attachment":[{"href":"https:\/\/silvia-bucher.ch\/index.php\/wp-json\/wp\/v2\/media?parent=1571"}],"wp:term":[{"taxonomy":"category","embeddable":true,"href":"https:\/\/silvia-bucher.ch\/index.php\/wp-json\/wp\/v2\/categories?post=1571"},{"taxonomy":"post_tag","embeddable":true,"href":"https:\/\/silvia-bucher.ch\/index.php\/wp-json\/wp\/v2\/tags?post=1571"}],"curies":[{"name":"wp","href":"https:\/\/api.w.org\/{rel}","templated":true}]}}